{"id":11880,"date":"2026-04-27T11:40:07","date_gmt":"2026-04-27T11:40:07","guid":{"rendered":"https:\/\/clubciclistabandidosteatinos.com\/?p=11880"},"modified":"2026-04-27T11:44:34","modified_gmt":"2026-04-27T11:44:34","slug":"maraton-alcaraz-2026","status":"publish","type":"post","link":"https:\/\/clubciclistabandidosteatinos.com\/en\/2026\/04\/27\/maraton-alcaraz-2026\/","title":{"rendered":"MARAT\u00d3N ALCARAZ 2026"},"content":{"rendered":"<p><a href=\"https:\/\/clubciclistabandidosteatinos.com\/wp-content\/uploads\/2026\/04\/IMG_20260426_143630_1-scaled.jpg\"><img loading=\"lazy\" decoding=\"async\" class=\"aligncenter size-large wp-image-11881\" src=\"https:\/\/clubciclistabandidosteatinos.com\/wp-content\/uploads\/2026\/04\/IMG_20260426_143630_1-1024x576.jpg\" alt=\"\" width=\"1024\" height=\"576\" srcset=\"https:\/\/clubciclistabandidosteatinos.com\/wp-content\/uploads\/2026\/04\/IMG_20260426_143630_1-1024x576.jpg 1024w, https:\/\/clubciclistabandidosteatinos.com\/wp-content\/uploads\/2026\/04\/IMG_20260426_143630_1-300x169.jpg 300w, https:\/\/clubciclistabandidosteatinos.com\/wp-content\/uploads\/2026\/04\/IMG_20260426_143630_1-768x432.jpg 768w, https:\/\/clubciclistabandidosteatinos.com\/wp-content\/uploads\/2026\/04\/IMG_20260426_143630_1-1536x864.jpg 1536w, https:\/\/clubciclistabandidosteatinos.com\/wp-content\/uploads\/2026\/04\/IMG_20260426_143630_1-2048x1152.jpg 2048w\" sizes=\"auto, (max-width: 1024px) 100vw, 1024px\" \/><\/a><\/p>\n<p>\u2714\ufe0f Ayer domingo, nuestros compa\u00f1eros Toni, Jose Mar\u00eda y V\u00edctor se desplazaron hasta la localidad de Alcaraz (Albacete) para disputar la Gran Fondo Sierra de Alcaraz en la modalidad de BTT.<\/p>\n<p><!--more--><\/p>\n<p>\u2600\ufe0f La jornada amaneci\u00f3 soleada, con unas condiciones inmejorables para la pr\u00e1ctica del ciclismo.<\/p>\n<p>\ud83d\udeb5\ud83c\udffb\u200d\u2642\ufe0f Nuestros ciclistas completaron un exigente recorrido de aproximadamente 74 kil\u00f3metros y 1.900 metros de desnivel acumulado, en un trazado mixto de sendas y pistas donde la dureza de la sierra se hizo notar en todo momento.<\/p>\n","protected":false},"excerpt":{"rendered":"<p>\u2714\ufe0f Ayer domingo, nuestros compa\u00f1eros Toni, Jose Mar\u00eda y V\u00edctor se desplazaron hasta la localidad de Alcaraz (Albacete) para disputar la Gran Fondo Sierra de Alcaraz en la modalidad de BTT.<\/p>\n","protected":false},"author":1,"featured_media":0,"comment_status":"closed","ping_status":"closed","sticky":false,"template":"","format":"standard","meta":{"footnotes":""},"categories":[40],"tags":[],"class_list":["post-11880","post","type-post","status-publish","format-standard","hentry","category-marchas-quedadas"],"_links":{"self":[{"href":"https:\/\/clubciclistabandidosteatinos.com\/en\/wp-json\/wp\/v2\/posts\/11880","targetHints":{"allow":["GET"]}}],"collection":[{"href":"https:\/\/clubciclistabandidosteatinos.com\/en\/wp-json\/wp\/v2\/posts"}],"about":[{"href":"https:\/\/clubciclistabandidosteatinos.com\/en\/wp-json\/wp\/v2\/types\/post"}],"author":[{"embeddable":true,"href":"https:\/\/clubciclistabandidosteatinos.com\/en\/wp-json\/wp\/v2\/users\/1"}],"replies":[{"embeddable":true,"href":"https:\/\/clubciclistabandidosteatinos.com\/en\/wp-json\/wp\/v2\/comments?post=11880"}],"version-history":[{"count":6,"href":"https:\/\/clubciclistabandidosteatinos.com\/en\/wp-json\/wp\/v2\/posts\/11880\/revisions"}],"predecessor-version":[{"id":11887,"href":"https:\/\/clubciclistabandidosteatinos.com\/en\/wp-json\/wp\/v2\/posts\/11880\/revisions\/11887"}],"wp:attachment":[{"href":"https:\/\/clubciclistabandidosteatinos.com\/en\/wp-json\/wp\/v2\/media?parent=11880"}],"wp:term":[{"taxonomy":"category","embeddable":true,"href":"https:\/\/clubciclistabandidosteatinos.com\/en\/wp-json\/wp\/v2\/categories?post=11880"},{"taxonomy":"post_tag","embeddable":true,"href":"https:\/\/clubciclistabandidosteatinos.com\/en\/wp-json\/wp\/v2\/tags?post=11880"}],"curies":[{"name":"wp","href":"https:\/\/api.w.org\/{rel}","templated":true}]}}